{"id":1598,"date":"2025-02-27T13:12:40","date_gmt":"2025-02-27T10:12:40","guid":{"rendered":"https:\/\/1partner.eu\/?p=1598"},"modified":"2025-02-27T13:43:18","modified_gmt":"2025-02-27T10:43:18","slug":"tesla-esinduse-avamine-eestis-on-vaid-aja-kusimus","status":"publish","type":"post","link":"https:\/\/1partner.eu\/et\/tesla-esinduse-avamine-eestis-on-vaid-aja-kusimus\/","title":{"rendered":"Ekspert: Tesla esinduse avamine Eestis on vaid aja k\u00fcsimus"},"content":{"rendered":"\n<p><strong>Elektriautode tootja Tesla avas \u00e4sja Vilniuses oma esimese m\u00fc\u00fcgi- ja teeninduskeskuse Balti riikides, kuid oma j\u00e4rge ootavad ka Eesti ja L\u00e4ti pealinnad, kinnitab Leedus Tesla esinduse avamist n\u00f5ustanud 1Partner Advisory juhtivpartner Mihkel P\u00e4rtel.&nbsp;<\/strong><\/p>\n\n\n\n<p>Mihkel P\u00e4rtel r\u00f5hutab, et niiv\u00f5rd tuntud tippbr\u00e4ndi nagu Tesla otsus Baltikumi tulla on positiivne signaal kogu piirkonnale ning muudab regiooni ka teiste rahvusvaheliste investorite jaoks atraktiivsemaks. \u201cTeslal on selge soov katta esindustega k\u00f5ik kolm Balti riiki ning seega ei ole t\u00e4na enam k\u00fcsimus kas, vaid millal? P\u00f5him\u00f5tteline otsus k\u00f5igi kolme riigi osas on olemas, kuid esimese hooga leiti sobiv lahendus just Leedu pealinnas,\u201d selgitab P\u00e4rtel ning t\u00e4psustab, et l\u00f5pliku otsuse eelduseks oli asukoht, mis vastas Tesla k\u00f5rgetele standarditele nii klientide mugavuse, laadimisv\u00f5imaluste kui ka taristu osas laiemalt.<\/p>\n\n\n\n<p>Tesla usaldas oma uue asukoha otsimise maailma suurimale kommertskinnisvara n\u00f5ustamisettev\u00f5ttele JLL, kelle partneriks Balti riikides on 1Partner. \u201cMeie \u00fclesanne oli leida Teslale sobiv terviklahendus, kas kinnistu ostu v\u00f5i hoone \u00fc\u00fcri n\u00e4ol. Konkreetselt Vilniuses eelistati \u00fc\u00fcrida, kuna leitud objekt sobis k\u00f5ige paremini kliendi poolt seatud ajaraami,\u201d r\u00e4\u00e4gib 1Partner Advisory juht ja r\u00f5hutab veelkord, et esinduse avamise otsus ei s\u00f5ltu Tesla puhul vaid turu suurusest, aga ka tehnilistest v\u00f5imalustest ja sobiliku lahenduse valmimise kiirusest.<\/p>\n\n\n\n<p>Tesla esindused on maailmas tuntud oma erilise sisekujunduse, interaktiivsete lahenduste ja erakordse kliendikogemuse poolest. Vilniuses avatav esindus h\u00f5lmab umbes 1000 ruutmeetrit ning selle juurde kuulub avar v\u00e4liala, kuhu mahub korraga kuni 100 autot. Esinduses on nii m\u00fc\u00fcgi- kui ka tehnilise teeninduse v\u00f5imalused, et tagada Tesla juhtidele kiire ja mugav teenindus.<\/p>\n\n\n\n<p>1Partner on enam kui 20-aastase kogemusega Baltimaade juhtiv kinnisvaragrupp, mille esindused asuvad Tallinnas, Tartus, Riias ja Vilniuses. 1Partner grupp pakub kinnisvara vahenduse, hindamise, ehituse, arenduse, halduse ja investeeringute juhtimise teenust. 1Partner kinnisvaragrupp on maailma suurima kommertskinnisvara n\u00f5ustamisettev\u00f5tte JLL (Jones Lang LaSalle) ametlik koost\u00f6\u00f6partner Baltikumis.<\/p>\n\n\n\n<p><strong>Lisainfo:<\/strong><br>Mihkel P\u00e4rtel<br>1Partner Advisory juhtivpartner<br>Tel: 508 3390<br><a href=\"mailto:mihkel.partel@1partner.ee\" target=\"_blank\" rel=\"noreferrer noopener\">mihkel.partel@1partner.ee<\/a><\/p>\n","protected":false},"excerpt":{"rendered":"Elektriautode tootja Tesla avas \u00e4sja Vilniuses oma esimese m\u00fc\u00fcgi- ja teeninduskeskuse Balti riikides, kuid oma j\u00e4rge ootavad ka Eesti ja L\u00e4ti pealinnad, kinnitab Leedus Tesla esinduse avamist n\u00f5ustanud 1Partner Advisory juhtivpartner Mihkel P\u00e4rtel.&nbsp; Mihkel P\u00e4rtel r\u00f5hutab, et niiv\u00f5rd tuntud tippbr\u00e4ndi nagu Tesla otsus Baltikumi tulla on positiivne signaal kogu piirkonnale ning muudab regiooni ka teiste [&hellip;]","protected":false},"author":3,"featured_media":1603,"comment_status":"closed","ping_status":"closed","sticky":false,"template":"","format":"standard","meta":[],"categories":[4],"tags":[],"acf":[],"yoast_head":"<!-- This site is optimized with the Yoast SEO plugin v19.10 - https:\/\/yoast.com\/wordpress\/plugins\/seo\/ -->\n<title>Ekspert: Tesla esinduse avamine Eestis on vaid aja k\u00fcsimus - 1Partner Advisory<\/title>\n<meta name=\"robots\" content=\"index, follow, max-snippet:-1, max-image-preview:large, max-video-preview:-1\" \/>\n<link rel=\"canonical\" href=\"https:\/\/1partner.eu\/et\/tesla-esinduse-avamine-eestis-on-vaid-aja-kusimus\/\" \/>\n<meta property=\"og:locale\" content=\"et_EE\" \/>\n<meta property=\"og:type\" content=\"article\" \/>\n<meta property=\"og:title\" content=\"Ekspert: Tesla esinduse avamine Eestis on vaid aja k\u00fcsimus - 1Partner Advisory\" \/>\n<meta property=\"og:description\" content=\"Elektriautode tootja Tesla avas \u00e4sja Vilniuses oma esimese m\u00fc\u00fcgi- ja teeninduskeskuse Balti riikides, kuid oma j\u00e4rge ootavad ka Eesti ja L\u00e4ti pealinnad, kinnitab Leedus Tesla esinduse avamist n\u00f5ustanud 1Partner Advisory juhtivpartner Mihkel P\u00e4rtel.&nbsp; Mihkel P\u00e4rtel r\u00f5hutab, et niiv\u00f5rd tuntud tippbr\u00e4ndi nagu Tesla otsus Baltikumi tulla on positiivne signaal kogu piirkonnale ning muudab regiooni ka teiste [&hellip;]\" \/>\n<meta property=\"og:url\" content=\"https:\/\/1partner.eu\/et\/tesla-esinduse-avamine-eestis-on-vaid-aja-kusimus\/\" \/>\n<meta property=\"og:site_name\" content=\"1Partner Advisory\" \/>\n<meta property=\"article:published_time\" content=\"2025-02-27T10:12:40+00:00\" \/>\n<meta property=\"article:modified_time\" content=\"2025-02-27T10:43:18+00:00\" \/>\n<meta property=\"og:image\" content=\"https:\/\/1partner.eu\/wp-content\/uploads\/2025\/02\/tesla-lietuva-2.jpg\" \/>\n\t<meta property=\"og:image:width\" content=\"1500\" \/>\n\t<meta property=\"og:image:height\" content=\"844\" \/>\n\t<meta property=\"og:image:type\" content=\"image\/jpeg\" \/>\n<meta name=\"author\" content=\"indrek\" \/>\n<meta name=\"twitter:card\" content=\"summary_large_image\" \/>\n<script type=\"application\/ld+json\" class=\"yoast-schema-graph\">{\"@context\":\"https:\/\/schema.org\",\"@graph\":[{\"@type\":\"Article\",\"@id\":\"https:\/\/1partner.eu\/et\/tesla-esinduse-avamine-eestis-on-vaid-aja-kusimus\/#article\",\"isPartOf\":{\"@id\":\"https:\/\/1partner.eu\/et\/tesla-esinduse-avamine-eestis-on-vaid-aja-kusimus\/\"},\"author\":{\"name\":\"indrek\",\"@id\":\"https:\/\/1partner.eu\/et\/#\/schema\/person\/89fa018c99aed6392adacd74b9498213\"},\"headline\":\"Ekspert: Tesla esinduse avamine Eestis on vaid aja k\u00fcsimus\",\"datePublished\":\"2025-02-27T10:12:40+00:00\",\"dateModified\":\"2025-02-27T10:43:18+00:00\",\"mainEntityOfPage\":{\"@id\":\"https:\/\/1partner.eu\/et\/tesla-esinduse-avamine-eestis-on-vaid-aja-kusimus\/\"},\"wordCount\":342,\"publisher\":{\"@id\":\"https:\/\/1partner.eu\/et\/#organization\"},\"articleSection\":[\"Uncategorized @et\"],\"inLanguage\":\"et\"},{\"@type\":\"WebPage\",\"@id\":\"https:\/\/1partner.eu\/et\/tesla-esinduse-avamine-eestis-on-vaid-aja-kusimus\/\",\"url\":\"https:\/\/1partner.eu\/et\/tesla-esinduse-avamine-eestis-on-vaid-aja-kusimus\/\",\"name\":\"Ekspert: Tesla esinduse avamine Eestis on vaid aja k\u00fcsimus - 1Partner Advisory\",\"isPartOf\":{\"@id\":\"https:\/\/1partner.eu\/et\/#website\"},\"datePublished\":\"2025-02-27T10:12:40+00:00\",\"dateModified\":\"2025-02-27T10:43:18+00:00\",\"breadcrumb\":{\"@id\":\"https:\/\/1partner.eu\/et\/tesla-esinduse-avamine-eestis-on-vaid-aja-kusimus\/#breadcrumb\"},\"inLanguage\":\"et\",\"potentialAction\":[{\"@type\":\"ReadAction\",\"target\":[\"https:\/\/1partner.eu\/et\/tesla-esinduse-avamine-eestis-on-vaid-aja-kusimus\/\"]}]},{\"@type\":\"BreadcrumbList\",\"@id\":\"https:\/\/1partner.eu\/et\/tesla-esinduse-avamine-eestis-on-vaid-aja-kusimus\/#breadcrumb\",\"itemListElement\":[{\"@type\":\"ListItem\",\"position\":1,\"name\":\"Home\",\"item\":\"https:\/\/1partner.eu\/et\/\"},{\"@type\":\"ListItem\",\"position\":2,\"name\":\"Ekspert: Tesla esinduse avamine Eestis on vaid aja k\u00fcsimus\"}]},{\"@type\":\"WebSite\",\"@id\":\"https:\/\/1partner.eu\/et\/#website\",\"url\":\"https:\/\/1partner.eu\/et\/\",\"name\":\"1Partner Advisory\",\"description\":\"Property related corporate finance in the baltics\",\"publisher\":{\"@id\":\"https:\/\/1partner.eu\/et\/#organization\"},\"potentialAction\":[{\"@type\":\"SearchAction\",\"target\":{\"@type\":\"EntryPoint\",\"urlTemplate\":\"https:\/\/1partner.eu\/et\/?s={search_term_string}\"},\"query-input\":\"required name=search_term_string\"}],\"inLanguage\":\"et\"},{\"@type\":\"Organization\",\"@id\":\"https:\/\/1partner.eu\/et\/#organization\",\"name\":\"1Partner Advisory\",\"url\":\"https:\/\/1partner.eu\/et\/\",\"logo\":{\"@type\":\"ImageObject\",\"inLanguage\":\"et\",\"@id\":\"https:\/\/1partner.eu\/et\/#\/schema\/logo\/image\/\",\"url\":\"https:\/\/1partner.eu\/wp-content\/uploads\/2022\/11\/Page-1.svg\",\"contentUrl\":\"https:\/\/1partner.eu\/wp-content\/uploads\/2022\/11\/Page-1.svg\",\"caption\":\"1Partner Advisory\"},\"image\":{\"@id\":\"https:\/\/1partner.eu\/et\/#\/schema\/logo\/image\/\"}},{\"@type\":\"Person\",\"@id\":\"https:\/\/1partner.eu\/et\/#\/schema\/person\/89fa018c99aed6392adacd74b9498213\",\"name\":\"indrek\",\"image\":{\"@type\":\"ImageObject\",\"inLanguage\":\"et\",\"@id\":\"https:\/\/1partner.eu\/et\/#\/schema\/person\/image\/\",\"url\":\"https:\/\/secure.gravatar.com\/avatar\/6ada3a620bceb64dc6af3589032a12d5?s=96&d=retro&r=g\",\"contentUrl\":\"https:\/\/secure.gravatar.com\/avatar\/6ada3a620bceb64dc6af3589032a12d5?s=96&d=retro&r=g\",\"caption\":\"indrek\"}}]}<\/script>\n<!-- \/ Yoast SEO plugin. -->","yoast_head_json":{"title":"Ekspert: Tesla esinduse avamine Eestis on vaid aja k\u00fcsimus - 1Partner Advisory","robots":{"index":"index","follow":"follow","max-snippet":"max-snippet:-1","max-image-preview":"max-image-preview:large","max-video-preview":"max-video-preview:-1"},"canonical":"https:\/\/1partner.eu\/et\/tesla-esinduse-avamine-eestis-on-vaid-aja-kusimus\/","og_locale":"et_EE","og_type":"article","og_title":"Ekspert: Tesla esinduse avamine Eestis on vaid aja k\u00fcsimus - 1Partner Advisory","og_description":"Elektriautode tootja Tesla avas \u00e4sja Vilniuses oma esimese m\u00fc\u00fcgi- ja teeninduskeskuse Balti riikides, kuid oma j\u00e4rge ootavad ka Eesti ja L\u00e4ti pealinnad, kinnitab Leedus Tesla esinduse avamist n\u00f5ustanud 1Partner Advisory juhtivpartner Mihkel P\u00e4rtel.&nbsp; Mihkel P\u00e4rtel r\u00f5hutab, et niiv\u00f5rd tuntud tippbr\u00e4ndi nagu Tesla otsus Baltikumi tulla on positiivne signaal kogu piirkonnale ning muudab regiooni ka teiste [&hellip;]","og_url":"https:\/\/1partner.eu\/et\/tesla-esinduse-avamine-eestis-on-vaid-aja-kusimus\/","og_site_name":"1Partner Advisory","article_published_time":"2025-02-27T10:12:40+00:00","article_modified_time":"2025-02-27T10:43:18+00:00","og_image":[{"width":1500,"height":844,"url":"https:\/\/1partner.eu\/wp-content\/uploads\/2025\/02\/tesla-lietuva-2.jpg","type":"image\/jpeg"}],"author":"indrek","twitter_card":"summary_large_image","schema":{"@context":"https:\/\/schema.org","@graph":[{"@type":"Article","@id":"https:\/\/1partner.eu\/et\/tesla-esinduse-avamine-eestis-on-vaid-aja-kusimus\/#article","isPartOf":{"@id":"https:\/\/1partner.eu\/et\/tesla-esinduse-avamine-eestis-on-vaid-aja-kusimus\/"},"author":{"name":"indrek","@id":"https:\/\/1partner.eu\/et\/#\/schema\/person\/89fa018c99aed6392adacd74b9498213"},"headline":"Ekspert: Tesla esinduse avamine Eestis on vaid aja k\u00fcsimus","datePublished":"2025-02-27T10:12:40+00:00","dateModified":"2025-02-27T10:43:18+00:00","mainEntityOfPage":{"@id":"https:\/\/1partner.eu\/et\/tesla-esinduse-avamine-eestis-on-vaid-aja-kusimus\/"},"wordCount":342,"publisher":{"@id":"https:\/\/1partner.eu\/et\/#organization"},"articleSection":["Uncategorized @et"],"inLanguage":"et"},{"@type":"WebPage","@id":"https:\/\/1partner.eu\/et\/tesla-esinduse-avamine-eestis-on-vaid-aja-kusimus\/","url":"https:\/\/1partner.eu\/et\/tesla-esinduse-avamine-eestis-on-vaid-aja-kusimus\/","name":"Ekspert: Tesla esinduse avamine Eestis on vaid aja k\u00fcsimus - 1Partner Advisory","isPartOf":{"@id":"https:\/\/1partner.eu\/et\/#website"},"datePublished":"2025-02-27T10:12:40+00:00","dateModified":"2025-02-27T10:43:18+00:00","breadcrumb":{"@id":"https:\/\/1partner.eu\/et\/tesla-esinduse-avamine-eestis-on-vaid-aja-kusimus\/#breadcrumb"},"inLanguage":"et","potentialAction":[{"@type":"ReadAction","target":["https:\/\/1partner.eu\/et\/tesla-esinduse-avamine-eestis-on-vaid-aja-kusimus\/"]}]},{"@type":"BreadcrumbList","@id":"https:\/\/1partner.eu\/et\/tesla-esinduse-avamine-eestis-on-vaid-aja-kusimus\/#breadcrumb","itemListElement":[{"@type":"ListItem","position":1,"name":"Home","item":"https:\/\/1partner.eu\/et\/"},{"@type":"ListItem","position":2,"name":"Ekspert: Tesla esinduse avamine Eestis on vaid aja k\u00fcsimus"}]},{"@type":"WebSite","@id":"https:\/\/1partner.eu\/et\/#website","url":"https:\/\/1partner.eu\/et\/","name":"1Partner Advisory","description":"Property related corporate finance in the baltics","publisher":{"@id":"https:\/\/1partner.eu\/et\/#organization"},"potentialAction":[{"@type":"SearchAction","target":{"@type":"EntryPoint","urlTemplate":"https:\/\/1partner.eu\/et\/?s={search_term_string}"},"query-input":"required name=search_term_string"}],"inLanguage":"et"},{"@type":"Organization","@id":"https:\/\/1partner.eu\/et\/#organization","name":"1Partner Advisory","url":"https:\/\/1partner.eu\/et\/","logo":{"@type":"ImageObject","inLanguage":"et","@id":"https:\/\/1partner.eu\/et\/#\/schema\/logo\/image\/","url":"https:\/\/1partner.eu\/wp-content\/uploads\/2022\/11\/Page-1.svg","contentUrl":"https:\/\/1partner.eu\/wp-content\/uploads\/2022\/11\/Page-1.svg","caption":"1Partner Advisory"},"image":{"@id":"https:\/\/1partner.eu\/et\/#\/schema\/logo\/image\/"}},{"@type":"Person","@id":"https:\/\/1partner.eu\/et\/#\/schema\/person\/89fa018c99aed6392adacd74b9498213","name":"indrek","image":{"@type":"ImageObject","inLanguage":"et","@id":"https:\/\/1partner.eu\/et\/#\/schema\/person\/image\/","url":"https:\/\/secure.gravatar.com\/avatar\/6ada3a620bceb64dc6af3589032a12d5?s=96&d=retro&r=g","contentUrl":"https:\/\/secure.gravatar.com\/avatar\/6ada3a620bceb64dc6af3589032a12d5?s=96&d=retro&r=g","caption":"indrek"}}]}},"_links":{"self":[{"href":"https:\/\/1partner.eu\/et\/wp-json\/wp\/v2\/posts\/1598"}],"collection":[{"href":"https:\/\/1partner.eu\/et\/wp-json\/wp\/v2\/posts"}],"about":[{"href":"https:\/\/1partner.eu\/et\/wp-json\/wp\/v2\/types\/post"}],"author":[{"embeddable":true,"href":"https:\/\/1partner.eu\/et\/wp-json\/wp\/v2\/users\/3"}],"replies":[{"embeddable":true,"href":"https:\/\/1partner.eu\/et\/wp-json\/wp\/v2\/comments?post=1598"}],"version-history":[{"count":2,"href":"https:\/\/1partner.eu\/et\/wp-json\/wp\/v2\/posts\/1598\/revisions"}],"predecessor-version":[{"id":1602,"href":"https:\/\/1partner.eu\/et\/wp-json\/wp\/v2\/posts\/1598\/revisions\/1602"}],"wp:featuredmedia":[{"embeddable":true,"href":"https:\/\/1partner.eu\/et\/wp-json\/wp\/v2\/media\/1603"}],"wp:attachment":[{"href":"https:\/\/1partner.eu\/et\/wp-json\/wp\/v2\/media?parent=1598"}],"wp:term":[{"taxonomy":"category","embeddable":true,"href":"https:\/\/1partner.eu\/et\/wp-json\/wp\/v2\/categories?post=1598"},{"taxonomy":"post_tag","embeddable":true,"href":"https:\/\/1partner.eu\/et\/wp-json\/wp\/v2\/tags?post=1598"}],"curies":[{"name":"wp","href":"https:\/\/api.w.org\/{rel}","templated":true}]}}